{"id":8224,"date":"2025-05-30T16:23:25","date_gmt":"2025-05-30T20:23:25","guid":{"rendered":"https:\/\/inclusionincanadiansports.ca\/2025\/05\/30\/le-reseau-canadien-pour-linclusion-dans-le-sport-annonce-lassemblee-generale-annuelle-de-2025\/"},"modified":"2025-05-30T16:29:59","modified_gmt":"2025-05-30T20:29:59","slug":"le-reseau-canadien-pour-linclusion-dans-le-sport-annonce-lassemblee-generale-annuelle-de-2025","status":"publish","type":"post","link":"https:\/\/inclusionincanadiansports.ca\/fr\/2025\/05\/30\/le-reseau-canadien-pour-linclusion-dans-le-sport-annonce-lassemblee-generale-annuelle-de-2025\/","title":{"rendered":"Le R\u00e9seau canadien pour l&rsquo;inclusion dans le sport annonce l&rsquo;assembl\u00e9e g\u00e9n\u00e9rale annuelle de 2025"},"content":{"rendered":"\t\t<div data-elementor-type=\"wp-post\" data-elementor-id=\"8224\" class=\"elementor elementor-8224 elementor-8217\" data-elementor-post-type=\"post\">\n\t\t\t\t<div class=\"elementor-element elementor-element-297b99e e-flex e-con-boxed e-con e-parent\" data-id=\"297b99e\" data-element_type=\"container\" data-e-type=\"container\" data-settings=\"{&quot;jet_parallax_layout_list&quot;:[]}\">\n\t\t\t\t\t<div class=\"e-con-inner\">\n\t\t\t\t<div class=\"elementor-element elementor-element-88bed5c elementor-widget elementor-widget-text-editor\" data-id=\"88bed5c\" data-element_type=\"widget\" data-e-type=\"widget\" data-widget_type=\"text-editor.default\">\n\t\t\t\t<div class=\"elementor-widget-container\">\n\t\t\t\t\t\t\t\t\t<p><br>Le R\u00e9seau pour l&rsquo;inclusion dans le sport canadien (RISC) tiendra son assembl\u00e9e g\u00e9n\u00e9rale annuelle (AGA) 2025 le <span style=\"text-decoration: underline;\"><strong>mercredi 25 juin, de 12 h \u00e0 12 h 30 (EST).<\/strong><\/span><\/p><p>Cette r\u00e9union virtuelle est ouverte \u00e0 toutes les personnes int\u00e9ress\u00e9es \u00e0 en apprendre davantage sur la mission, l&rsquo;impact et les initiatives en cours du RISC pour faire progresser l&rsquo;\u00e9quit\u00e9, la diversit\u00e9 et la repr\u00e9sentation dans l&rsquo;ensemble du syst\u00e8me sportif canadien.<\/p><p><span style=\"text-decoration: underline;\"><strong>L&rsquo;inscription est obligatoire jusqu&rsquo;au lundi 23 juin \u00e0 17h00 (heure de l&rsquo;Est).<\/strong><\/span><\/p><p>Cliquez <a href=\"https:\/\/docs.google.com\/forms\/d\/e\/1FAIpQLSeHhmF2SEprOIJWtKSzyOTh53IYSJGyFlh3t2aRCqeJJm_Adw\/viewform\" target=\"_blank\" rel=\"noopener\">ICI<\/a> pour vous inscrire<\/p><p>Nous invitons tous les partisans, partenaires et membres de la communaut\u00e9 \u00e0 se joindre \u00e0 nous pour r\u00e9fl\u00e9chir \u00e0 nos progr\u00e8s et d\u00e9finir les priorit\u00e9s pour l&rsquo;ann\u00e9e \u00e0 venir.<\/p>\t\t\t\t\t\t\t\t<\/div>\n\t\t\t\t<\/div>\n\t\t\t\t\t<\/div>\n\t\t\t\t<\/div>\n\t\t\t\t<\/div>\n\t\t","protected":false},"excerpt":{"rendered":"<p>Le R\u00e9seau pour l&rsquo;inclusion dans le sport canadien (RISC) tiendra son assembl\u00e9e g\u00e9n\u00e9rale annuelle (AGA) 2025 le mercredi 25 juin, de 12 h \u00e0 12 h 30 (EST). Cette r\u00e9union virtuelle est ouverte \u00e0 toutes les personnes int\u00e9ress\u00e9es \u00e0 en apprendre davantage sur la mission, l&rsquo;impact et les initiatives en cours du RISC pour faire [&hellip;]<\/p>\n","protected":false},"author":1,"featured_media":8220,"comment_status":"closed","ping_status":"closed","sticky":false,"template":"","format":"standard","meta":{"_acf_changed":false,"footnotes":""},"categories":[33],"tags":[],"class_list":["post-8224","post","type-post","status-publish","format-standard","has-post-thumbnail","hentry","category-actualites"],"acf":[],"_links":{"self":[{"href":"https:\/\/inclusionincanadiansports.ca\/fr\/wp-json\/wp\/v2\/posts\/8224","targetHints":{"allow":["GET"]}}],"collection":[{"href":"https:\/\/inclusionincanadiansports.ca\/fr\/wp-json\/wp\/v2\/posts"}],"about":[{"href":"https:\/\/inclusionincanadiansports.ca\/fr\/wp-json\/wp\/v2\/types\/post"}],"author":[{"embeddable":true,"href":"https:\/\/inclusionincanadiansports.ca\/fr\/wp-json\/wp\/v2\/users\/1"}],"replies":[{"embeddable":true,"href":"https:\/\/inclusionincanadiansports.ca\/fr\/wp-json\/wp\/v2\/comments?post=8224"}],"version-history":[{"count":1,"href":"https:\/\/inclusionincanadiansports.ca\/fr\/wp-json\/wp\/v2\/posts\/8224\/revisions"}],"predecessor-version":[{"id":8225,"href":"https:\/\/inclusionincanadiansports.ca\/fr\/wp-json\/wp\/v2\/posts\/8224\/revisions\/8225"}],"wp:featuredmedia":[{"embeddable":true,"href":"https:\/\/inclusionincanadiansports.ca\/fr\/wp-json\/wp\/v2\/media\/8220"}],"wp:attachment":[{"href":"https:\/\/inclusionincanadiansports.ca\/fr\/wp-json\/wp\/v2\/media?parent=8224"}],"wp:term":[{"taxonomy":"category","embeddable":true,"href":"https:\/\/inclusionincanadiansports.ca\/fr\/wp-json\/wp\/v2\/categories?post=8224"},{"taxonomy":"post_tag","embeddable":true,"href":"https:\/\/inclusionincanadiansports.ca\/fr\/wp-json\/wp\/v2\/tags?post=8224"}],"curies":[{"name":"wp","href":"https:\/\/api.w.org\/{rel}","templated":true}]}}