{"id":3962,"date":"2024-01-29T15:50:31","date_gmt":"2024-01-29T15:50:31","guid":{"rendered":"https:\/\/inclusionincanadiansports.ca\/2024\/01\/29\/dexter-janke-nomme-entraineur-chef-de-lequipe-de-football-de-luniversite-de-york\/"},"modified":"2024-04-25T02:49:50","modified_gmt":"2024-04-25T02:49:50","slug":"dexter-janke-nomme-entraineur-chef-de-lequipe-de-football-de-luniversite-de-york","status":"publish","type":"post","link":"https:\/\/inclusionincanadiansports.ca\/fr\/2024\/01\/29\/dexter-janke-nomme-entraineur-chef-de-lequipe-de-football-de-luniversite-de-york\/","title":{"rendered":"Dexter Janke nomm\u00e9 entraineur-chef de l&rsquo;\u00e9quipe de football de l&rsquo;Universit\u00e9 de York"},"content":{"rendered":"\t\t<div data-elementor-type=\"wp-post\" data-elementor-id=\"3962\" class=\"elementor elementor-3962 elementor-2754\" data-elementor-post-type=\"post\">\n\t\t\t\t<div class=\"elementor-element elementor-element-e651846 e-flex e-con-boxed e-con e-parent\" data-id=\"e651846\" data-element_type=\"container\" data-e-type=\"container\" data-settings=\"{&quot;jet_parallax_layout_list&quot;:[]}\">\n\t\t\t\t\t<div class=\"e-con-inner\">\n\t\t\t\t<div class=\"elementor-element elementor-element-be02d90 elementor-widget elementor-widget-text-editor\" data-id=\"be02d90\" data-element_type=\"widget\" data-e-type=\"widget\" data-widget_type=\"text-editor.default\">\n\t\t\t\t<div class=\"elementor-widget-container\">\n\t\t\t\t\t\t\t\t\t<p>\u00ab Au nom du d\u00e9partement des sports et des loisirs, nous sommes ravis d&rsquo;accueillir Dexter Janke dans notre d\u00e9partement et \u00e0 l&rsquo;universit\u00e9 \u00bb, a d\u00e9clar\u00e9 Steven Chuang, directeur g\u00e9n\u00e9ral du d\u00e9partement des sports et des loisirs de l&rsquo;universit\u00e9 de York. \u00ab Les valeurs fondamentales de coach Janke correspondent \u00e0 notre mission, qui consiste \u00e0 offrir une exp\u00e9rience de classe mondiale aux \u00e9tudiants-athl\u00e8tes en transformant la vie de tous ceux que nous touchons \u2013 un Lion \u00e0 la fois \u00bb.<\/p>\n<p>Janke poss\u00e8de une grande exp\u00e9rience du football canadien. Il a commenc\u00e9 sa carri\u00e8re comme \u00e9tudiant \u00e0 l&rsquo;Universit\u00e9 de la Saskatchewan avant de jouer dans la LCF avec les Stampeders de Calgary et les Blue Bombers de Winnipeg. Son plus r\u00e9cent succ\u00e8s est un titre de conf\u00e9rence de la Ligue canadienne de football junior avec les Westshore Rebels (C.-B.), o\u00f9 il a pass\u00e9 quatre saisons \u00e0 divers postes. Au plus fort de sa carri\u00e8re avec les Rebels, il a \u00e9t\u00e9 nomm\u00e9 entraineur de l&rsquo;ann\u00e9e de la BCFC et de la CJFL.<\/p>\n<p>\u00ab La fa\u00e7on dont j&rsquo;aborde la question est de m&rsquo;assurer que nous avons une culture claire et saine, et que nous avons un groupe d&rsquo;individus qui s&rsquo;engagent dans le processus et qui s&rsquo;engagent les uns envers les autres \u00bb, a d\u00e9clar\u00e9 le v\u00e9t\u00e9ran de la LCF qui a pass\u00e9 quatre ans dans la ligue. \u00ab Je travaille en \u00e9troite collaboration avec l&rsquo;\u00e9quipe d&rsquo;entraineurs pour m&rsquo;assurer que nous disposons d&rsquo;une structure et d&rsquo;une base solides sur lesquelles nous pouvons nous appuyer \u00bb, explique l&rsquo;ancien joueur de la LCF \u00e0 propos de son nouveau r\u00f4le.<\/p>\n<p>La premi\u00e8re journ\u00e9e officielle de travail de M. Janke aura lieu le lundi 5 f\u00e9vrier.<\/p>\n<p>Lisez l&rsquo;article complet <a href=\"https:\/\/yorkulions.ca\/news\/2024\/1\/22\/football-resetting-the-standard-lions-appoint-dexter-janke-12th-football-head-coach-in-program-history.aspx\" target=\"_blank\" rel=\"noopener\"><span style=\"text-decoration: underline;\">ici<\/span><\/a>.<\/p>\n\t\t\t\t\t\t\t\t<\/div>\n\t\t\t\t<\/div>\n\t\t\t\t\t<\/div>\n\t\t\t\t<\/div>\n\t\t\t\t<\/div>\n\t\t","protected":false},"excerpt":{"rendered":"<p>\u00ab Au nom du d\u00e9partement des sports et des loisirs, nous sommes ravis d&rsquo;accueillir Dexter Janke dans notre d\u00e9partement et \u00e0 l&rsquo;universit\u00e9 \u00bb, a d\u00e9clar\u00e9 Steven Chuang, directeur g\u00e9n\u00e9ral du d\u00e9partement des sports et des loisirs de l&rsquo;universit\u00e9 de York. \u00ab Les valeurs fondamentales de coach Janke correspondent \u00e0 notre mission, qui consiste \u00e0 offrir [&hellip;]<\/p>\n","protected":false},"author":1,"featured_media":3847,"comment_status":"closed","ping_status":"closed","sticky":false,"template":"","format":"standard","meta":{"_acf_changed":false,"footnotes":""},"categories":[33],"tags":[],"class_list":["post-3962","post","type-post","status-publish","format-standard","has-post-thumbnail","hentry","category-actualites"],"acf":[],"_links":{"self":[{"href":"https:\/\/inclusionincanadiansports.ca\/fr\/wp-json\/wp\/v2\/posts\/3962","targetHints":{"allow":["GET"]}}],"collection":[{"href":"https:\/\/inclusionincanadiansports.ca\/fr\/wp-json\/wp\/v2\/posts"}],"about":[{"href":"https:\/\/inclusionincanadiansports.ca\/fr\/wp-json\/wp\/v2\/types\/post"}],"author":[{"embeddable":true,"href":"https:\/\/inclusionincanadiansports.ca\/fr\/wp-json\/wp\/v2\/users\/1"}],"replies":[{"embeddable":true,"href":"https:\/\/inclusionincanadiansports.ca\/fr\/wp-json\/wp\/v2\/comments?post=3962"}],"version-history":[{"count":1,"href":"https:\/\/inclusionincanadiansports.ca\/fr\/wp-json\/wp\/v2\/posts\/3962\/revisions"}],"predecessor-version":[{"id":3963,"href":"https:\/\/inclusionincanadiansports.ca\/fr\/wp-json\/wp\/v2\/posts\/3962\/revisions\/3963"}],"wp:featuredmedia":[{"embeddable":true,"href":"https:\/\/inclusionincanadiansports.ca\/fr\/wp-json\/wp\/v2\/media\/3847"}],"wp:attachment":[{"href":"https:\/\/inclusionincanadiansports.ca\/fr\/wp-json\/wp\/v2\/media?parent=3962"}],"wp:term":[{"taxonomy":"category","embeddable":true,"href":"https:\/\/inclusionincanadiansports.ca\/fr\/wp-json\/wp\/v2\/categories?post=3962"},{"taxonomy":"post_tag","embeddable":true,"href":"https:\/\/inclusionincanadiansports.ca\/fr\/wp-json\/wp\/v2\/tags?post=3962"}],"curies":[{"name":"wp","href":"https:\/\/api.w.org\/{rel}","templated":true}]}}