{"id":11806,"date":"2026-04-29T18:52:34","date_gmt":"2026-04-29T22:52:34","guid":{"rendered":"https:\/\/inclusionincanadiansports.ca\/2026\/04\/29\/declaration-dirsc-concernant-la-mise-a-jour-economique-du-printemps-2026-un-canada-fort-pour-tous\/"},"modified":"2026-04-29T19:00:08","modified_gmt":"2026-04-29T23:00:08","slug":"declaration-dirsc-concernant-la-mise-a-jour-economique-du-printemps-2026-un-canada-fort-pour-tous","status":"publish","type":"post","link":"https:\/\/inclusionincanadiansports.ca\/fr\/2026\/04\/29\/declaration-dirsc-concernant-la-mise-a-jour-economique-du-printemps-2026-un-canada-fort-pour-tous\/","title":{"rendered":"D\u00e9claration d&rsquo;IRSC concernant la mise \u00e0 jour \u00e9conomique du printemps 2026 : Un Canada fort pour tous"},"content":{"rendered":"\t\t<div data-elementor-type=\"wp-post\" data-elementor-id=\"11806\" class=\"elementor elementor-11806 elementor-11799\" data-elementor-post-type=\"post\">\n\t\t\t\t<div class=\"elementor-element elementor-element-2da67dd e-flex e-con-boxed e-con e-parent\" data-id=\"2da67dd\" data-element_type=\"container\" data-e-type=\"container\" data-settings=\"{&quot;jet_parallax_layout_list&quot;:[]}\">\n\t\t\t\t\t<div class=\"e-con-inner\">\n\t\t\t\t<div class=\"elementor-element elementor-element-ee86463 elementor-widget elementor-widget-text-editor\" data-id=\"ee86463\" data-element_type=\"widget\" data-e-type=\"widget\" data-widget_type=\"text-editor.default\">\n\t\t\t\t<div class=\"elementor-widget-container\">\n\t\t\t\t\t\t\t\t\t<p>Inclusion dans le r\u00e9seau du sport canadien (IRSC) salue la mise \u00e0 jour \u00e9conomique du printemps 2026 du gouvernement du Canada et l&rsquo;accent mis sur l&rsquo;accessibilit\u00e9 financi\u00e8re, la cr\u00e9ation d&#8217;emplois et l&rsquo;\u00e9largissement de l&rsquo;acc\u00e8s aux opportunit\u00e9s \u00e0 travers le pays.<\/p><p>Nous saluons le leadership du premier ministre Mark Carney, du secr\u00e9taire d\u2019\u00c9tat (Sports) Adam van Koeverden et du ministre des Finances Fran\u00e7ois-Philippe Champagne dans la promotion de cette mise \u00e0 jour, qui comprend un investissement de 755 millions de dollars sur cinq ans (plus 118 millions de dollars de financement continu) visant \u00e0 renforcer le syst\u00e8me sportif canadien, notamment dans les domaines de la participation, du soutien aux athl\u00e8tes et des infrastructures. <span style=\"text-decoration: underline;\"><strong>Dans le cadre de cet investissement global, l\u2019une des principales implications est l\u2019accent mis sur l\u2019\u00e9quit\u00e9, qui vise accro\u00eetre l\u2019acc\u00e8s pour les groupes sous-repr\u00e9sent\u00e9s, notamment les communaut\u00e9s noires et racis\u00e9es, ainsi que les femmes et les filles, les peuples autochtones, les m\u00e9nages \u00e0 faible revenu et les personnes en situation de handicap.<\/strong><\/span> Cette d\u00e9cision refl\u00e8te un changement important et n\u00e9cessaire, qui r\u00e9pond aux appels de longue date en faveur d\u2019un syst\u00e8me sportif plus inclusif et plus accessible.<\/p><p>Parall\u00e8lement, nous devons \u00eatre clairs : accro\u00eetre la participation n\u2019est qu\u2019une partie de la solution. Comme le souligne le rapport final de la Commission sur l\u2019avenir du sport au Canada, des obstacles syst\u00e9miques, notamment le racisme, la discrimination, le co\u00fbt et le manque de programmes culturellement adapt\u00e9s, continuent de limiter l\u2019acc\u00e8s \u00e9quitable au sport et les exp\u00e9riences sportives. Pour r\u00e9pondre \u00e0 ces d\u00e9fis, il faut un investissement soutenu et cibl\u00e9 non seulement dans l\u2019acc\u00e8s, mais aussi dans le changement structurel.  <\/p><p>Il s&rsquo;agit notamment :<\/p><ul><li>d&rsquo;investir dans des initiatives sportives men\u00e9es par les communaut\u00e9s et ancr\u00e9es dans la culture locale<\/li><li>de soutenir la diversit\u00e9 au sein des instances dirigeantes \u00e0 tous les niveaux du sport<\/li><li>de mettre en place des m\u00e9canismes de responsabilisation visant \u00e0 lutter contre le racisme et la discrimination au sein des structures sportives<\/li><li>de cr\u00e9er des parcours qui vont au-del\u00e0 de la simple participation, mais vers des postes de direction, une meilleure repr\u00e9sentation et la prise de d\u00e9cision<\/li><\/ul><p>Nous soulignons \u00e9galement les engagements plus g\u00e9n\u00e9raux \u00e9nonc\u00e9s dans la mise \u00e0 jour, en particulier ceux ax\u00e9s sur la jeunesse, le d\u00e9veloppement des comp\u00e9tences et la s\u00e9curit\u00e9 communautaire qui sont essentiels pour instaurer un environnement o\u00f9 chacun peut s&rsquo;\u00e9panouir, tant dans le sport qu&rsquo;en dehors.<\/p><p>IRSC reste d\u00e9termin\u00e9 \u00e0 collaborer avec des partenaires de tous les secteurs afin de garantir que ces investissements se traduisent par un impact significatif et durable. La perspective qui s&rsquo;offre \u00e0 nous ne consiste pas seulement \u00e0 \u00e9largir l&rsquo;acc\u00e8s, mais aussi \u00e0 repenser les syst\u00e8mes sportifs au Canada afin qu&rsquo;ils refl\u00e8tent et servent v\u00e9ritablement la diversit\u00e9 de ce pays. <\/p><p>Car pour b\u00e2tir un Canada plus fort, il faut mettre en place un syst\u00e8me sportif o\u00f9 chacun a sa place.<\/p>\t\t\t\t\t\t\t\t<\/div>\n\t\t\t\t<\/div>\n\t\t\t\t\t<\/div>\n\t\t\t\t<\/div>\n\t\t\t\t<\/div>\n\t\t","protected":false},"excerpt":{"rendered":"<p>Inclusion dans le r\u00e9seau du sport canadien (IRSC) salue la mise \u00e0 jour \u00e9conomique du printemps 2026 du gouvernement du Canada et l&rsquo;accent mis sur l&rsquo;accessibilit\u00e9 financi\u00e8re, la cr\u00e9ation d&#8217;emplois et l&rsquo;\u00e9largissement de l&rsquo;acc\u00e8s aux opportunit\u00e9s \u00e0 travers le pays. Nous saluons le leadership du premier ministre Mark Carney, du secr\u00e9taire d\u2019\u00c9tat (Sports) Adam van [&hellip;]<\/p>\n","protected":false},"author":1,"featured_media":11805,"comment_status":"closed","ping_status":"closed","sticky":false,"template":"","format":"standard","meta":{"_acf_changed":false,"footnotes":""},"categories":[33],"tags":[],"class_list":["post-11806","post","type-post","status-publish","format-standard","has-post-thumbnail","hentry","category-actualites"],"acf":[],"_links":{"self":[{"href":"https:\/\/inclusionincanadiansports.ca\/fr\/wp-json\/wp\/v2\/posts\/11806","targetHints":{"allow":["GET"]}}],"collection":[{"href":"https:\/\/inclusionincanadiansports.ca\/fr\/wp-json\/wp\/v2\/posts"}],"about":[{"href":"https:\/\/inclusionincanadiansports.ca\/fr\/wp-json\/wp\/v2\/types\/post"}],"author":[{"embeddable":true,"href":"https:\/\/inclusionincanadiansports.ca\/fr\/wp-json\/wp\/v2\/users\/1"}],"replies":[{"embeddable":true,"href":"https:\/\/inclusionincanadiansports.ca\/fr\/wp-json\/wp\/v2\/comments?post=11806"}],"version-history":[{"count":1,"href":"https:\/\/inclusionincanadiansports.ca\/fr\/wp-json\/wp\/v2\/posts\/11806\/revisions"}],"predecessor-version":[{"id":11807,"href":"https:\/\/inclusionincanadiansports.ca\/fr\/wp-json\/wp\/v2\/posts\/11806\/revisions\/11807"}],"wp:featuredmedia":[{"embeddable":true,"href":"https:\/\/inclusionincanadiansports.ca\/fr\/wp-json\/wp\/v2\/media\/11805"}],"wp:attachment":[{"href":"https:\/\/inclusionincanadiansports.ca\/fr\/wp-json\/wp\/v2\/media?parent=11806"}],"wp:term":[{"taxonomy":"category","embeddable":true,"href":"https:\/\/inclusionincanadiansports.ca\/fr\/wp-json\/wp\/v2\/categories?post=11806"},{"taxonomy":"post_tag","embeddable":true,"href":"https:\/\/inclusionincanadiansports.ca\/fr\/wp-json\/wp\/v2\/tags?post=11806"}],"curies":[{"name":"wp","href":"https:\/\/api.w.org\/{rel}","templated":true}]}}