{"id":10756,"date":"2026-03-04T09:24:34","date_gmt":"2026-03-04T14:24:34","guid":{"rendered":"https:\/\/inclusionincanadiansports.ca\/2026\/03\/04\/la-journee-des-leaders-noirs-dans-le-sport-2026-reunit-les-leaders-noirs-du-sport-sur-la-colline-du-parlement\/"},"modified":"2026-03-05T17:41:48","modified_gmt":"2026-03-05T22:41:48","slug":"la-journee-des-leaders-noirs-dans-le-sport-2026-reunit-les-leaders-noirs-du-sport-sur-la-colline-du-parlement","status":"publish","type":"post","link":"https:\/\/inclusionincanadiansports.ca\/fr\/2026\/03\/04\/la-journee-des-leaders-noirs-dans-le-sport-2026-reunit-les-leaders-noirs-du-sport-sur-la-colline-du-parlement\/","title":{"rendered":"La Journ\u00e9e des leaders noirs dans le sport 2026 r\u00e9unit les leaders noirs du sport sur la Colline du Parlement"},"content":{"rendered":"\t\t<div data-elementor-type=\"wp-post\" data-elementor-id=\"10756\" class=\"elementor elementor-10756 elementor-10564\" data-elementor-post-type=\"post\">\n\t\t\t\t<div class=\"elementor-element elementor-element-5b4bcfa e-flex e-con-boxed e-con e-parent\" data-id=\"5b4bcfa\" data-element_type=\"container\" data-e-type=\"container\" data-settings=\"{&quot;jet_parallax_layout_list&quot;:[]}\">\n\t\t\t\t\t<div class=\"e-con-inner\">\n\t\t\t\t<div class=\"elementor-element elementor-element-8e63e76 elementor-widget elementor-widget-text-editor\" data-id=\"8e63e76\" data-element_type=\"widget\" data-e-type=\"widget\" data-widget_type=\"text-editor.default\">\n\t\t\t\t<div class=\"elementor-widget-container\">\n\t\t\t\t\t\t\t\t\t<p>Ottawa, ON \u2013 Inclusion dans le r\u00e9seau du sport canadien (IRSC) est fier d&rsquo;avoir pr\u00e9sent\u00e9 la deuxi\u00e8me \u00e9dition de la Journ\u00e9e des leaders noirs dans le sport (JLNS) les 23 et 24 f\u00e9vrier 2026, \u00e0 Ottawa. S&rsquo;appuyant sur le succ\u00e8s de l&rsquo;\u00e9v\u00e8nement inaugural en 2025, la rencontre de cette ann\u00e9e a pris de l&rsquo;ampleur pour se transformer en un rassemblement national de deux jours sur la Colline du Parlement, centr\u00e9 sur l&rsquo;avancement de l&rsquo;inclusion dans le sport canadien. <\/p><p>La JLNS 2026 a rassembl\u00e9 plus de 75 leaders noirs \u00e9mergents et \u00e9tablis de tout horizon du secteur du sport amateur au Canada. Les participants \u00e9taient des administrateurs, des entraineurs, des officiels, des chercheurs, des professionnels de la m\u00e9decine du sport et des militants de la communaut\u00e9 travaillant dans le syst\u00e8me sportif et au-del\u00e0. <\/p><p>Ils se sont r\u00e9unis pour collaborer davantage, partager leurs exp\u00e9riences et faire avancer le dialogue sur l&rsquo;avenir du sport au Canada.<\/p><p> <\/p><h5>Premier jour : Engagement avec le S\u00e9nat<\/h5><p>La premi\u00e8re journ\u00e9e a \u00e9t\u00e9 marqu\u00e9e par une visite au S\u00e9nat du Canada, o\u00f9 des leaders du sport noir ont rencontr\u00e9 des s\u00e9nateurs pour discuter du paysage actuel de l&rsquo;inclusion dans le sport canadien et des obstacles qui continuent d&rsquo;affecter les participants noirs et racis\u00e9s.<\/p><p>Les discussions ont port\u00e9 sur la repr\u00e9sentation, la responsabilisation et la n\u00e9cessit\u00e9 d&rsquo;un changement syst\u00e9mique durable. Les s\u00e9nateurs Paulette Senior, Dawn Arnold, Bernadette Clement, Marty Deacon, Marilou McPhedran et Tony Inca ont accueilli les participants et cr\u00e9\u00e9 un espace de dialogue ouvert sur la fa\u00e7on dont les syst\u00e8mes sportifs peuvent mieux refl\u00e9ter les communaut\u00e9s qu&rsquo;ils servent. <\/p><p> <\/p><h5>Deuxi\u00e8me jour : Dialogue politique \u00e0 la Chambre des Communes<\/h5><p>Le deuxi\u00e8me jour, les participants se sont retrouv\u00e9s dans l&rsquo;\u00e9difice Sir John A. Macdonald pour une journ\u00e9e enti\u00e8re de discussions politiques avec des dirigeants et de hauts fonctionnaires f\u00e9d\u00e9raux.<\/p><p>Le discours d&rsquo;ouverture a \u00e9t\u00e9 prononc\u00e9 par Arielle Kayabaga, vice-pr\u00e9sidente du Parlement, et Adam van Koeverden, secr\u00e9taire d&rsquo;\u00c9tat aux sports. Les participants ont \u00e9galement entendu des repr\u00e9sentants de Patrimoine Canada, d&rsquo;Emploi et D\u00e9veloppement social Canada et de Sport Canada. <\/p><p>Les s\u00e9ances comprenaient des pr\u00e9sentations sur la Strat\u00e9gie de lutte contre le raciste du Canada 2024-2028, l&rsquo;Initiative Appuyer les communaut\u00e9s noires canadiennes et la Politique canadienne du sport 2025-2035. La journ\u00e9e s&rsquo;est achev\u00e9e par une conversation informelle avec des membres du Caucus parlementaire noir f\u00e9d\u00e9ral et par une r\u00e9ception en soir\u00e9e qui a encourag\u00e9 la poursuite de la collaboration entre les diff\u00e9rents secteurs. <\/p><p>Ce rassemblement a cr\u00e9\u00e9 un espace pour une r\u00e9flexion honn\u00eate sur les in\u00e9galit\u00e9s persistantes dans le sport, fond\u00e9e \u00e0 la fois sur des donn\u00e9es et des exp\u00e9riences v\u00e9cues. Les participants ont soulign\u00e9 que des progr\u00e8s significatifs n\u00e9cessitent une responsabilisation, une r\u00e9forme structurelle et un partenariat durable entre les institutions f\u00e9d\u00e9rales, les organisations sportives et les communaut\u00e9s. <\/p><p>\u00ab\u2009Ce moment ne s&rsquo;est pas produit du jour au lendemain\u2009\u00bb, a d\u00e9clar\u00e9 la direction d&rsquo;IRSC. \u00ab\u2009Il refl\u00e8te des ann\u00e9es de plaidoyer et d&rsquo;\u00e9tablissement de relations. Les conversations qui ont eu lieu au cours de ces deux jours t\u00e9moignent d&rsquo;un engagement commun \u00e0 faire en sorte que le sport au Canada soit v\u00e9ritablement s\u00e9curitaire, inclusif et accessible \u00e0 tous.\u2009\u00bb <\/p><p>La Journ\u00e9e des leaders noirs dans le sport continue de se d\u00e9velopper comme une plateforme nationale pour le leadership, l&rsquo;engagement politique et la construction d\u2019une communaut\u00e9. Alors que l&rsquo;IRSC se tourne vers l&rsquo;avenir, l&rsquo;objectif reste clair : collaboration, responsabilisation et changements mesurables. <\/p><p>Le travail se poursuit.<\/p>\t\t\t\t\t\t\t\t<\/div>\n\t\t\t\t<\/div>\n\t\t\t\t\t<\/div>\n\t\t\t\t<\/div>\n\t\t\t\t<\/div>\n\t\t","protected":false},"excerpt":{"rendered":"<p>Ottawa, ON \u2013 Inclusion dans le r\u00e9seau du sport canadien (IRSC) est fier d&rsquo;avoir pr\u00e9sent\u00e9 la deuxi\u00e8me \u00e9dition de la Journ\u00e9e des leaders noirs dans le sport (JLNS) les 23 et 24 f\u00e9vrier 2026, \u00e0 Ottawa. S&rsquo;appuyant sur le succ\u00e8s de l&rsquo;\u00e9v\u00e8nement inaugural en 2025, la rencontre de cette ann\u00e9e a pris de l&rsquo;ampleur pour [&hellip;]<\/p>\n","protected":false},"author":1,"featured_media":0,"comment_status":"closed","ping_status":"closed","sticky":false,"template":"","format":"standard","meta":{"_acf_changed":false,"footnotes":""},"categories":[33],"tags":[],"class_list":["post-10756","post","type-post","status-publish","format-standard","hentry","category-actualites"],"acf":[],"_links":{"self":[{"href":"https:\/\/inclusionincanadiansports.ca\/fr\/wp-json\/wp\/v2\/posts\/10756","targetHints":{"allow":["GET"]}}],"collection":[{"href":"https:\/\/inclusionincanadiansports.ca\/fr\/wp-json\/wp\/v2\/posts"}],"about":[{"href":"https:\/\/inclusionincanadiansports.ca\/fr\/wp-json\/wp\/v2\/types\/post"}],"author":[{"embeddable":true,"href":"https:\/\/inclusionincanadiansports.ca\/fr\/wp-json\/wp\/v2\/users\/1"}],"replies":[{"embeddable":true,"href":"https:\/\/inclusionincanadiansports.ca\/fr\/wp-json\/wp\/v2\/comments?post=10756"}],"version-history":[{"count":1,"href":"https:\/\/inclusionincanadiansports.ca\/fr\/wp-json\/wp\/v2\/posts\/10756\/revisions"}],"predecessor-version":[{"id":10757,"href":"https:\/\/inclusionincanadiansports.ca\/fr\/wp-json\/wp\/v2\/posts\/10756\/revisions\/10757"}],"wp:attachment":[{"href":"https:\/\/inclusionincanadiansports.ca\/fr\/wp-json\/wp\/v2\/media?parent=10756"}],"wp:term":[{"taxonomy":"category","embeddable":true,"href":"https:\/\/inclusionincanadiansports.ca\/fr\/wp-json\/wp\/v2\/categories?post=10756"},{"taxonomy":"post_tag","embeddable":true,"href":"https:\/\/inclusionincanadiansports.ca\/fr\/wp-json\/wp\/v2\/tags?post=10756"}],"curies":[{"name":"wp","href":"https:\/\/api.w.org\/{rel}","templated":true}]}}